{"id":62444,"date":"2026-01-28T08:00:00","date_gmt":"2026-01-28T06:00:00","guid":{"rendered":"https:\/\/vmsport.fi\/?p=62444"},"modified":"2025-12-16T11:11:49","modified_gmt":"2025-12-16T09:11:49","slug":"mika-trek-precaliber-modell-lamplig-for-5-ar-gammal","status":"publish","type":"post","link":"https:\/\/vmsport.fi\/sv\/mika-trek-precaliber-malli-sopii-5-vuotiaalle\/","title":{"rendered":"Vilken Trek Precaliber-modell \u00e4r l\u00e4mplig f\u00f6r en 5-\u00e5rig pojke?"},"content":{"rendered":"<p>Ett barn i \u00e5ldern 5 \u00e5r \u00e4r vanligtvis l\u00e4mpligt f\u00f6r <strong>Trek Precaliber 16- eller 20-tum<\/strong> beroende p\u00e5 ditt barns l\u00e4ngd och cykelerfarenhet. 16\" passar barn som \u00e4r mellan 99 och 117 cm l\u00e5nga, medan 20\" passar barn som \u00e4r mellan 114 och 132 cm l\u00e5nga. Genom att v\u00e4lja r\u00e4tt storlek f\u00e5r barnet en s\u00e4ker och bekv\u00e4m cykelupplevelse. Precaliber-sortimentet \u00e4r s\u00e4rskilt utformat f\u00f6r barn och erbjuder tillf\u00f6rlitliga s\u00e4kerhetsfunktioner och enkel anv\u00e4ndning.<\/p>\n<h2>Vad \u00e4r Trek Precaliber och varf\u00f6r \u00e4r den l\u00e4mplig f\u00f6r en 5-\u00e5rig pojke?<\/h2>\n<p>Trek Precaliber \u00e4r ett cykelsortiment som \u00e4r s\u00e4rskilt utformat f\u00f6r barn och som kombinerar s\u00e4kerhet, h\u00e5llbarhet och anv\u00e4ndarv\u00e4nlighet. Serien omfattar modeller fr\u00e5n 12 tum till 24 tum och t\u00e4cker barns cykelbehov fr\u00e5n deras f\u00f6rsta cykelturer till ton\u00e5ren.<\/p>\n<p>F\u00f6rkalibrerade modeller <strong>S\u00e4kerhetsfunktioner<\/strong> g\u00f6r dem s\u00e4rskilt l\u00e4mpliga f\u00f6r 5-\u00e5ringar. Cyklarna har l\u00e5g stegh\u00f6jd, vilket g\u00f6r det l\u00e4ttare att kliva p\u00e5 och av cykeln. Handbromsarna \u00e4r justerade f\u00f6r att passa sm\u00e5 barnh\u00e4nder och bromskraften \u00e4r s\u00e4kerhetsklassad. Cyklarna har ocks\u00e5 ett kedjeskydd f\u00f6r att f\u00f6rhindra att kl\u00e4der eller f\u00f6tter fastnar i kedjan.<\/p>\n<p>Modellernas anv\u00e4ndarv\u00e4nlighet \u00e5terspeglas i det enkla v\u00e4xelsystemet, eller avsaknaden av det i mindre modeller. Detta minskar distraktioner och g\u00f6r att barnet kan koncentrera sig p\u00e5 grunderna i cykling. Cykelns geometri \u00e4r utformad f\u00f6r att ge barnet en s\u00e4ker och kontrollerad k\u00f6rst\u00e4llning.<\/p>\n<h2>Vilka Trek Precaliber-modeller \u00e4r l\u00e4mpliga f\u00f6r en 5-\u00e5ring?<\/h2>\n<p>L\u00e4mpar sig b\u00e4st f\u00f6r ett 5-\u00e5rigt barn <strong>Trek Precaliber 16- och 20-tumsmodeller<\/strong>, beroende p\u00e5 barnets l\u00e4ngd och utvecklingsstadium. 16-tumsmodellen \u00e4r avsedd f\u00f6r barn som \u00e4r mellan 99 och 117 cm l\u00e5nga, medan 20-tumsmodellen \u00e4r l\u00e4mplig f\u00f6r barn som \u00e4r mellan 114 och 132 cm l\u00e5nga.<\/p>\n<p>Storleken \u00e4r avg\u00f6rande f\u00f6r s\u00e4kerheten. En f\u00f6r stor cykel g\u00f6r den sv\u00e5r att kontrollera och \u00f6kar risken f\u00f6r fall, medan en f\u00f6r liten cykel \u00e4r obekv\u00e4m och begr\u00e4nsar r\u00f6rligheten. En cykel i r\u00e4tt storlek g\u00f6r att barnet kan n\u00e5 marken med b\u00e5da f\u00f6tterna n\u00e4r det sitter i sadeln, men kn\u00e4na n\u00e5r inte styret n\u00e4r det trampar.<\/p>\n<p>Hjulets h\u00f6jd har ocks\u00e5 en betydande inverkan p\u00e5 \u00e5kkomforten. N\u00e4r ett barn enkelt kan st\u00f6dja sig med f\u00f6tterna v\u00e5gar det experimentera och l\u00e4ra sig nya saker p\u00e5 ett s\u00e4kert s\u00e4tt. Detta uppmuntrar dem att forts\u00e4tta cykla och utveckla sina f\u00e4rdigheter.<\/p>\n<h2>Vad \u00e4r skillnaden mellan Trek Precaliber 12-, 16- och 20-tumsmodellerna?<\/h2>\n<p>Skillnaderna mellan Precaliber 12-, 16- och 20-tumsmodellerna \u00e4r fr\u00e4mst relaterade till <strong>storlek, egenskaper och avsedd anv\u00e4ndning<\/strong>. 12-tummaren \u00e4r den f\u00f6rsta \u201driktiga\u201d cykeln, 16-tummaren f\u00f6r \u00f6verg\u00e5ng och 20-tummaren f\u00f6r oberoende cykling.<\/p>\n<p>Precaliber 12 v\u00e4nder sig till barn i \u00e5ldern 2-4 \u00e5r och 81-99 cm l\u00e5nga. Den har ofta st\u00f6dhjul eller kan anv\u00e4ndas som sparkcykel. Cykeln har inga v\u00e4xlar och fokuserar p\u00e5 att l\u00e4ra sig balans och styrning.<\/p>\n<p>Precaliber 16 \u00e4r l\u00e4mplig f\u00f6r 4-6-\u00e5ringar och har fler funktioner. Den kan ha ett enkelt v\u00e4xelsystem eller vara en env\u00e4xlad cykel. Den h\u00e4r modellen \u00e4r perfekt f\u00f6r en 5-\u00e5ring som har l\u00e4rt sig balansera men som fortfarande beh\u00f6ver en cykel som \u00e4r l\u00e4tt att anv\u00e4nda.<\/p>\n<p>Precaliber 20 \u00e4r avsedd f\u00f6r 6-8-\u00e5ringar och har fler v\u00e4xlar och mer avancerade funktioner. Den f\u00f6rbereder ditt barn f\u00f6r \u00f6verg\u00e5ngen till vuxencyklar och \u00e4r l\u00e4mplig f\u00f6r l\u00e4ngre cykelturer.<\/p>\n<h2>Hur v\u00e4ljer du r\u00e4tt Trek Precaliber f\u00f6r ditt barn?<\/h2>\n<p>Att v\u00e4lja r\u00e4tt Precaliber-modell b\u00f6rjar <strong>m\u00e4tning av ditt barns l\u00e4ngd och bed\u00f6mning av cykelf\u00e4rdigheter<\/strong>. M\u00e4t ditt barn utan skor och j\u00e4mf\u00f6r resultatet med tillverkarens storlekstabell. Kom dock ih\u00e5g att l\u00e4ngden bara \u00e4r en utg\u00e5ngspunkt.<\/p>\n<p>Praktiska tester \u00e4r mycket viktiga. Barnet ska kunna sitta i sadeln och nudda marken med b\u00e5da f\u00f6tterna. N\u00e4r man trampar ska foten inte vara helt rak i det l\u00e4gsta l\u00e4get, utan det ska finnas en liten vinkel i kn\u00e4et. H\u00e4nderna ska n\u00e5 styret p\u00e5 ett naturligt s\u00e4tt utan att str\u00e4cka sig.<\/p>\n<p>Genom att ordna en provtur f\u00e5r du den b\u00e4sta uppfattningen om cykelns l\u00e4mplighet. Barnet f\u00e5r m\u00f6jlighet att testa bromsning, styrning och allm\u00e4n komfort. Var uppm\u00e4rksam p\u00e5 hur s\u00e4kert ditt barn hanterar cykeln och om han eller hon kan kontrollera den p\u00e5 ett s\u00e4kert s\u00e4tt.<\/p>\n<p>Behovet av st\u00f6dhjul beror p\u00e5 barnets f\u00e4rdigheter. Om barnet redan kan cykla p\u00e5 en balanscykel eller en mindre cykel kanske st\u00f6dhjul inte beh\u00f6vs. Om barnet \u00e4r nyb\u00f6rjare p\u00e5 cykling kan st\u00f6dhjul hj\u00e4lpa till att komma ig\u00e5ng, men de b\u00f6r tas bort s\u00e5 snart som m\u00f6jligt f\u00f6r att hj\u00e4lpa till med balansen.<\/p>\n<p>N\u00e4r du best\u00e4mmer dig f\u00f6r vad du ska k\u00f6pa \u00e4r det ocks\u00e5 v\u00e4rt att fundera p\u00e5 vad cykeln ska anv\u00e4ndas till. Om ditt barn \u00e4r intresserat av mountainbike kan det vara v\u00e4rt att \u00f6verv\u00e4ga att ocks\u00e5 <strong>Orbea Terra<\/strong> -modellerna, som erbjuder mer m\u00e5ngsidiga funktioner f\u00f6r \u00e4ventyrliga unga cyklister. Vi kan ge dig expertr\u00e5d om b\u00e5da m\u00e4rkena och hj\u00e4lpa dig att hitta r\u00e4tt alternativ f\u00f6r ditt barn genom en provtur.<\/p>","protected":false},"excerpt":{"rendered":"<p>5-vuotiaalle sopii Trek Precaliber 16&#8243; tai 20&#8243; malli. Lue koko- ja turvallisuusopas t\u00e4ydellisen py\u00f6r\u00e4n l\u00f6yt\u00e4miseksi. [&#8230;]<\/p>\n<p><a class=\"btn btn-secondary understrap-read-more-link\" href=\"https:\/\/vmsport.fi\/sv\/mika-trek-precaliber-malli-sopii-5-vuotiaalle\/\">L\u00e4s mer \u2026<span class=\"screen-reader-text\"> from Mik\u00e4 Trek Precaliber -malli sopii 5-vuotiaalle?<\/span><\/a><\/p>\n","protected":false},"author":6,"featured_media":0,"comment_status":"closed","ping_status":"closed","sticky":false,"template":"","format":"standard","meta":{"_acf_changed":false,"_improvement_type_select":"improve_an_existing","_thumb_yes_seoaic":false,"_frame_yes_seoaic":false,"seoaic_generate_description":"","seoaic_improve_instructions_prompt":"","seoaic_rollback_content_improvement":"","seoaic_idea_thumbnail_generator":"","thumbnail_generated":false,"thumbnail_generate_prompt":"","seoaic_article_description":"","seoaic_article_subtitles":[],"footnotes":""},"categories":[1],"tags":[],"class_list":["post-62444","post","type-post","status-publish","format-standard","hentry","category-ajankohtaista"],"acf":[],"yoast_head":"<!-- This site is optimized with the Yoast SEO plugin v27.5 - https:\/\/yoast.com\/product\/yoast-seo-wordpress\/ -->\n<title>Mik\u00e4 Trek Precaliber -malli sopii 5-vuotiaalle? - VM Sport<\/title>\n<meta name=\"description\" content=\"5-vuotiaalle sopii Trek Precaliber 16&quot; (99-117cm) tai 20&quot; (114-132cm) malli. Turvallinen valinta oikealla koolla - lue t\u00e4ydellinen opas!\" \/>\n<meta name=\"robots\" content=\"index, follow, max-snippet:-1, max-image-preview:large, max-video-preview:-1\" \/>\n<link rel=\"canonical\" href=\"https:\/\/vmsport.fi\/sv\/mika-trek-precaliber-modell-lamplig-for-5-ar-gammal\/\" \/>\n<meta property=\"og:locale\" content=\"sv_SE\" \/>\n<meta property=\"og:type\" content=\"article\" \/>\n<meta property=\"og:title\" content=\"Mik\u00e4 Trek Precaliber -malli sopii 5-vuotiaalle? - VM Sport\" \/>\n<meta property=\"og:description\" content=\"5-vuotiaalle sopii Trek Precaliber 16&quot; (99-117cm) tai 20&quot; (114-132cm) malli. Turvallinen valinta oikealla koolla - lue t\u00e4ydellinen opas!\" \/>\n<meta property=\"og:url\" content=\"https:\/\/vmsport.fi\/sv\/mika-trek-precaliber-modell-lamplig-for-5-ar-gammal\/\" \/>\n<meta property=\"og:site_name\" content=\"VM Sport\" \/>\n<meta property=\"article:publisher\" content=\"https:\/\/www.facebook.com\/Vmsport.fi\/\" \/>\n<meta property=\"article:published_time\" content=\"2026-01-28T06:00:00+00:00\" \/>\n<meta name=\"author\" content=\"Sami\" \/>\n<meta name=\"twitter:card\" content=\"summary_large_image\" \/>\n<meta name=\"twitter:label1\" content=\"Skriven av\" \/>\n\t<meta name=\"twitter:data1\" content=\"Sami\" \/>\n\t<meta name=\"twitter:label2\" content=\"Ber\u00e4knad l\u00e4stid\" \/>\n\t<meta name=\"twitter:data2\" content=\"3 minuter\" \/>\n<script type=\"application\/ld+json\" class=\"yoast-schema-graph\">{\"@context\":\"https:\\\/\\\/schema.org\",\"@graph\":[{\"@type\":\"Article\",\"@id\":\"https:\\\/\\\/vmsport.fi\\\/mika-trek-precaliber-malli-sopii-5-vuotiaalle\\\/#article\",\"isPartOf\":{\"@id\":\"https:\\\/\\\/vmsport.fi\\\/mika-trek-precaliber-malli-sopii-5-vuotiaalle\\\/\"},\"author\":{\"name\":\"Sami\",\"@id\":\"https:\\\/\\\/vmsport.fi\\\/#\\\/schema\\\/person\\\/d629b8c3352fb47c18d068e59e0f4adc\"},\"headline\":\"Mik\u00e4 Trek Precaliber -malli sopii 5-vuotiaalle?\",\"datePublished\":\"2026-01-28T06:00:00+00:00\",\"mainEntityOfPage\":{\"@id\":\"https:\\\/\\\/vmsport.fi\\\/mika-trek-precaliber-malli-sopii-5-vuotiaalle\\\/\"},\"wordCount\":700,\"publisher\":{\"@id\":\"https:\\\/\\\/vmsport.fi\\\/#organization\"},\"articleSection\":[\"Ajankohtaista\"],\"inLanguage\":\"sv-SE\"},{\"@type\":\"WebPage\",\"@id\":\"https:\\\/\\\/vmsport.fi\\\/mika-trek-precaliber-malli-sopii-5-vuotiaalle\\\/\",\"url\":\"https:\\\/\\\/vmsport.fi\\\/mika-trek-precaliber-malli-sopii-5-vuotiaalle\\\/\",\"name\":\"Mik\u00e4 Trek Precaliber -malli sopii 5-vuotiaalle? - VM Sport\",\"isPartOf\":{\"@id\":\"https:\\\/\\\/vmsport.fi\\\/#website\"},\"datePublished\":\"2026-01-28T06:00:00+00:00\",\"description\":\"5-vuotiaalle sopii Trek Precaliber 16\\\" (99-117cm) tai 20\\\" (114-132cm) malli. Turvallinen valinta oikealla koolla - lue t\u00e4ydellinen opas!\",\"breadcrumb\":{\"@id\":\"https:\\\/\\\/vmsport.fi\\\/mika-trek-precaliber-malli-sopii-5-vuotiaalle\\\/#breadcrumb\"},\"inLanguage\":\"sv-SE\",\"potentialAction\":[{\"@type\":\"ReadAction\",\"target\":[\"https:\\\/\\\/vmsport.fi\\\/mika-trek-precaliber-malli-sopii-5-vuotiaalle\\\/\"]}]},{\"@type\":\"BreadcrumbList\",\"@id\":\"https:\\\/\\\/vmsport.fi\\\/mika-trek-precaliber-malli-sopii-5-vuotiaalle\\\/#breadcrumb\",\"itemListElement\":[{\"@type\":\"ListItem\",\"position\":1,\"name\":\"Etusivu\",\"item\":\"https:\\\/\\\/vmsport.fi\\\/\"},{\"@type\":\"ListItem\",\"position\":2,\"name\":\"Ajankohtaista\",\"item\":\"https:\\\/\\\/vmsport.fi\\\/category\\\/ajankohtaista\\\/\"},{\"@type\":\"ListItem\",\"position\":3,\"name\":\"Mik\u00e4 Trek Precaliber -malli sopii 5-vuotiaalle?\"}]},{\"@type\":\"WebSite\",\"@id\":\"https:\\\/\\\/vmsport.fi\\\/#website\",\"url\":\"https:\\\/\\\/vmsport.fi\\\/\",\"name\":\"Vmsport\",\"description\":\"Kaikki py\u00f6r\u00e4ilyyn yhdest\u00e4 paikasta\",\"publisher\":{\"@id\":\"https:\\\/\\\/vmsport.fi\\\/#organization\"},\"potentialAction\":[{\"@type\":\"SearchAction\",\"target\":{\"@type\":\"EntryPoint\",\"urlTemplate\":\"https:\\\/\\\/vmsport.fi\\\/?s={search_term_string}\"},\"query-input\":{\"@type\":\"PropertyValueSpecification\",\"valueRequired\":true,\"valueName\":\"search_term_string\"}}],\"inLanguage\":\"sv-SE\"},{\"@type\":\"Organization\",\"@id\":\"https:\\\/\\\/vmsport.fi\\\/#organization\",\"name\":\"Vmsport\",\"url\":\"https:\\\/\\\/vmsport.fi\\\/\",\"logo\":{\"@type\":\"ImageObject\",\"inLanguage\":\"sv-SE\",\"@id\":\"https:\\\/\\\/vmsport.fi\\\/#\\\/schema\\\/logo\\\/image\\\/\",\"url\":\"https:\\\/\\\/vmsport.fi\\\/wp-content\\\/uploads\\\/2024\\\/12\\\/vm_sport_RGB_horisontal-e1734526017575.png\",\"contentUrl\":\"https:\\\/\\\/vmsport.fi\\\/wp-content\\\/uploads\\\/2024\\\/12\\\/vm_sport_RGB_horisontal-e1734526017575.png\",\"width\":668,\"height\":85,\"caption\":\"Vmsport\"},\"image\":{\"@id\":\"https:\\\/\\\/vmsport.fi\\\/#\\\/schema\\\/logo\\\/image\\\/\"},\"sameAs\":[\"https:\\\/\\\/www.facebook.com\\\/Vmsport.fi\\\/\",\"https:\\\/\\\/www.instagram.com\\\/vmsport\\\/\"]},{\"@type\":\"Person\",\"@id\":\"https:\\\/\\\/vmsport.fi\\\/#\\\/schema\\\/person\\\/d629b8c3352fb47c18d068e59e0f4adc\",\"name\":\"Sami\"}]}<\/script>\n<!-- \/ Yoast SEO plugin. -->","yoast_head_json":{"title":"Vilken Trek Precaliber passar b\u00e4st f\u00f6r en 5-\u00e5ring? - VM Sport","description":"Modellen Trek Precaliber 16\" (99-117 cm) eller 20\" (114-132 cm) \u00e4r l\u00e4mplig f\u00f6r 5-\u00e5ringar. R\u00e4tt storlek f\u00f6r ett s\u00e4kert val - l\u00e4s v\u00e5r kompletta guide!","robots":{"index":"index","follow":"follow","max-snippet":"max-snippet:-1","max-image-preview":"max-image-preview:large","max-video-preview":"max-video-preview:-1"},"canonical":"https:\/\/vmsport.fi\/sv\/mika-trek-precaliber-modell-lamplig-for-5-ar-gammal\/","og_locale":"sv_SE","og_type":"article","og_title":"Mik\u00e4 Trek Precaliber -malli sopii 5-vuotiaalle? - VM Sport","og_description":"5-vuotiaalle sopii Trek Precaliber 16\" (99-117cm) tai 20\" (114-132cm) malli. Turvallinen valinta oikealla koolla - lue t\u00e4ydellinen opas!","og_url":"https:\/\/vmsport.fi\/sv\/mika-trek-precaliber-modell-lamplig-for-5-ar-gammal\/","og_site_name":"VM Sport","article_publisher":"https:\/\/www.facebook.com\/Vmsport.fi\/","article_published_time":"2026-01-28T06:00:00+00:00","author":"Sami","twitter_card":"summary_large_image","twitter_misc":{"Skriven av":"Sami","Ber\u00e4knad l\u00e4stid":"3 minuter"},"schema":{"@context":"https:\/\/schema.org","@graph":[{"@type":"Article","@id":"https:\/\/vmsport.fi\/mika-trek-precaliber-malli-sopii-5-vuotiaalle\/#article","isPartOf":{"@id":"https:\/\/vmsport.fi\/mika-trek-precaliber-malli-sopii-5-vuotiaalle\/"},"author":{"name":"Sami","@id":"https:\/\/vmsport.fi\/#\/schema\/person\/d629b8c3352fb47c18d068e59e0f4adc"},"headline":"Mik\u00e4 Trek Precaliber -malli sopii 5-vuotiaalle?","datePublished":"2026-01-28T06:00:00+00:00","mainEntityOfPage":{"@id":"https:\/\/vmsport.fi\/mika-trek-precaliber-malli-sopii-5-vuotiaalle\/"},"wordCount":700,"publisher":{"@id":"https:\/\/vmsport.fi\/#organization"},"articleSection":["Ajankohtaista"],"inLanguage":"sv-SE"},{"@type":"WebPage","@id":"https:\/\/vmsport.fi\/mika-trek-precaliber-malli-sopii-5-vuotiaalle\/","url":"https:\/\/vmsport.fi\/mika-trek-precaliber-malli-sopii-5-vuotiaalle\/","name":"Vilken Trek Precaliber passar b\u00e4st f\u00f6r en 5-\u00e5ring? - VM Sport","isPartOf":{"@id":"https:\/\/vmsport.fi\/#website"},"datePublished":"2026-01-28T06:00:00+00:00","description":"Modellen Trek Precaliber 16\" (99-117 cm) eller 20\" (114-132 cm) \u00e4r l\u00e4mplig f\u00f6r 5-\u00e5ringar. R\u00e4tt storlek f\u00f6r ett s\u00e4kert val - l\u00e4s v\u00e5r kompletta guide!","breadcrumb":{"@id":"https:\/\/vmsport.fi\/mika-trek-precaliber-malli-sopii-5-vuotiaalle\/#breadcrumb"},"inLanguage":"sv-SE","potentialAction":[{"@type":"ReadAction","target":["https:\/\/vmsport.fi\/mika-trek-precaliber-malli-sopii-5-vuotiaalle\/"]}]},{"@type":"BreadcrumbList","@id":"https:\/\/vmsport.fi\/mika-trek-precaliber-malli-sopii-5-vuotiaalle\/#breadcrumb","itemListElement":[{"@type":"ListItem","position":1,"name":"Etusivu","item":"https:\/\/vmsport.fi\/"},{"@type":"ListItem","position":2,"name":"Ajankohtaista","item":"https:\/\/vmsport.fi\/category\/ajankohtaista\/"},{"@type":"ListItem","position":3,"name":"Mik\u00e4 Trek Precaliber -malli sopii 5-vuotiaalle?"}]},{"@type":"WebSite","@id":"https:\/\/vmsport.fi\/#website","url":"https:\/\/vmsport.fi\/","name":"Vmsport","description":"Allt p\u00e5 ett st\u00e4lle f\u00f6r cykling","publisher":{"@id":"https:\/\/vmsport.fi\/#organization"},"potentialAction":[{"@type":"SearchAction","target":{"@type":"EntryPoint","urlTemplate":"https:\/\/vmsport.fi\/?s={search_term_string}"},"query-input":{"@type":"PropertyValueSpecification","valueRequired":true,"valueName":"search_term_string"}}],"inLanguage":"sv-SE"},{"@type":"Organization","@id":"https:\/\/vmsport.fi\/#organization","name":"Vmsport","url":"https:\/\/vmsport.fi\/","logo":{"@type":"ImageObject","inLanguage":"sv-SE","@id":"https:\/\/vmsport.fi\/#\/schema\/logo\/image\/","url":"https:\/\/vmsport.fi\/wp-content\/uploads\/2024\/12\/vm_sport_RGB_horisontal-e1734526017575.png","contentUrl":"https:\/\/vmsport.fi\/wp-content\/uploads\/2024\/12\/vm_sport_RGB_horisontal-e1734526017575.png","width":668,"height":85,"caption":"Vmsport"},"image":{"@id":"https:\/\/vmsport.fi\/#\/schema\/logo\/image\/"},"sameAs":["https:\/\/www.facebook.com\/Vmsport.fi\/","https:\/\/www.instagram.com\/vmsport\/"]},{"@type":"Person","@id":"https:\/\/vmsport.fi\/#\/schema\/person\/d629b8c3352fb47c18d068e59e0f4adc","name":"Sami"}]}},"_links":{"self":[{"href":"https:\/\/vmsport.fi\/sv\/wp-json\/wp\/v2\/posts\/62444","targetHints":{"allow":["GET"]}}],"collection":[{"href":"https:\/\/vmsport.fi\/sv\/wp-json\/wp\/v2\/posts"}],"about":[{"href":"https:\/\/vmsport.fi\/sv\/wp-json\/wp\/v2\/types\/post"}],"author":[{"embeddable":true,"href":"https:\/\/vmsport.fi\/sv\/wp-json\/wp\/v2\/users\/6"}],"replies":[{"embeddable":true,"href":"https:\/\/vmsport.fi\/sv\/wp-json\/wp\/v2\/comments?post=62444"}],"version-history":[{"count":1,"href":"https:\/\/vmsport.fi\/sv\/wp-json\/wp\/v2\/posts\/62444\/revisions"}],"predecessor-version":[{"id":62459,"href":"https:\/\/vmsport.fi\/sv\/wp-json\/wp\/v2\/posts\/62444\/revisions\/62459"}],"wp:attachment":[{"href":"https:\/\/vmsport.fi\/sv\/wp-json\/wp\/v2\/media?parent=62444"}],"wp:term":[{"taxonomy":"category","embeddable":true,"href":"https:\/\/vmsport.fi\/sv\/wp-json\/wp\/v2\/categories?post=62444"},{"taxonomy":"post_tag","embeddable":true,"href":"https:\/\/vmsport.fi\/sv\/wp-json\/wp\/v2\/tags?post=62444"}],"curies":[{"name":"wp","href":"https:\/\/api.w.org\/{rel}","templated":true}]}}