{"id":61402,"date":"2026-01-07T08:00:00","date_gmt":"2026-01-07T06:00:00","guid":{"rendered":"https:\/\/vmsport.fi\/?p=61402"},"modified":"2025-12-03T14:19:57","modified_gmt":"2025-12-03T12:19:57","slug":"kan-man-kora-med-pyora-dubbdack-pa-sommaren","status":"publish","type":"post","link":"https:\/\/vmsport.fi\/sv\/voiko-pyoran-nastarenkailla-ajaa-kesalla\/","title":{"rendered":"Kan jag cykla med dubbd\u00e4ck p\u00e5 sommaren?"},"content":{"rendered":"<p>Hjulet <strong>du kan k\u00f6ra med dubbd\u00e4ck p\u00e5 sommaren<\/strong>, men det \u00e4r inte rekommenderat med tanke p\u00e5 s\u00e4kerheten och cykelns skick. Dubbd\u00e4ck \u00e4r konstruerade f\u00f6r vinterf\u00f6rh\u00e5llanden och anv\u00e4ndning av dem p\u00e5 torr asfalt minskar v\u00e4ggreppet och \u00f6kar slitaget. Byte till sommard\u00e4ck f\u00f6rb\u00e4ttrar k\u00f6rkomforten och f\u00f6rl\u00e4nger avsev\u00e4rt livsl\u00e4ngden p\u00e5 b\u00e5de d\u00e4ck och hjulkomponenter.<\/p>\n<h2>\u00c4r det s\u00e4kert att cykla med dubbd\u00e4ck p\u00e5 sommaren?<\/h2>\n<p>K\u00f6rning med dubbd\u00e4ck p\u00e5 sommaren <strong>\u00e4r inte s\u00e4kert<\/strong> j\u00e4mf\u00f6rt med vanliga sommard\u00e4ck. P\u00e5 torr asfalt minskar dubbd\u00e4ckens grepp avsev\u00e4rt eftersom de \u00e4r konstruerade f\u00f6r att greppa is och sn\u00f6, inte torra v\u00e4gbanor.<\/p>\n<p>Bromsstr\u00e4ckan blir l\u00e4ngre med dubbd\u00e4ck under sommarf\u00f6rh\u00e5llanden eftersom friktionen mellan dubbarna och den h\u00e5rda v\u00e4gbanan \u00e4r l\u00e4gre \u00e4n med gummikomponenten i ett normalt sommard\u00e4ck. Detta \u00f6kar avsev\u00e4rt risken f\u00f6r krascher och olyckor, s\u00e4rskilt vid pl\u00f6tsliga inbromsningar och sv\u00e4ngar.<\/p>\n<p>P\u00e5 v\u00e5t asfalt \u00e4r situationen \u00e4nnu mer utmanande. Dubbd\u00e4cken kan inte effektivt leda bort vatten fr\u00e5n d\u00e4cket till v\u00e4gen, vilket kan leda till en hal k\u00f6rupplevelse. Sommard\u00e4ck \u00e4r s\u00e4rskilt utformade f\u00f6r dessa f\u00f6rh\u00e5llanden och ger b\u00e4ttre s\u00e4kerhet.<\/p>\n<h2>Vilka \u00e4r nackdelarna med dubbd\u00e4ck p\u00e5 din cykel p\u00e5 sommaren?<\/h2>\n<p>Anv\u00e4ndning av dubbd\u00e4ck p\u00e5 sommaren <strong>Sliter ut hjulkomponenter<\/strong> snabbare \u00e4n vanligt och uts\u00e4tter hela cykeln f\u00f6r extra p\u00e5frestningar. Vibrationerna och det oj\u00e4mna slitaget som orsakas av dubbarna uts\u00e4tter bromssystemet och hjulramen f\u00f6r s\u00e4rskild p\u00e5frestning.<\/p>\n<p>V\u00e4xell\u00e5dan p\u00e5verkas negativt av dubbd\u00e4ckens h\u00f6gre rullmotst\u00e5nd. Pedalering kr\u00e4ver mer kraft, vilket sliter ut kedjan, kedjehjulen och pedalerna snabbare \u00e4n normalt. Detta leder till mer frekvent underh\u00e5ll och h\u00f6gre kostnader i det l\u00e5nga loppet.<\/p>\n<p>Hjulramen uts\u00e4tts f\u00f6r extra p\u00e5frestningar p\u00e5 grund av dubbd\u00e4ckens oj\u00e4mna r\u00f6relser. S\u00e4rskilt gaffeln och bakvagnen kan drabbas av st\u00e4ndiga vibrationer. Dessutom slits dubbd\u00e4cken snabbt ut p\u00e5 h\u00e5rd asfalt och h\u00e5ller kanske inte till n\u00e4sta vinter.<\/p>\n<h2>N\u00e4r ska du byta ut dubbd\u00e4cken p\u00e5 din cykel mot sommard\u00e4ck?<\/h2>\n<p>Det l\u00f6nar sig att byta ut dubbd\u00e4cken mot sommard\u00e4ck <strong>s\u00e5 snart temperaturen h\u00e5ller sig i plusomr\u00e5det<\/strong> och v\u00e4garna \u00e4r isfria. I allm\u00e4nhet \u00e4r mars och april de b\u00e4sta m\u00e5naderna, n\u00e4r nattfrosten upph\u00f6r och sn\u00f6fallet inte l\u00e4ngre \u00e4r regelbundet.<\/p>\n<p>Tecken p\u00e5 att det \u00e4r dags att byta \u00e4r bland annat ih\u00e5llande torr asfalt, temperaturer \u00f6ver +5 grader under dagen och v\u00e4derprognoser som inte l\u00e4ngre lovar vinterf\u00f6rh\u00e5llanden. Om du m\u00e4rker att din k\u00f6rk\u00e4nsla har blivit hal eller instabil p\u00e5 torra v\u00e4gar \u00e4r det dags f\u00f6r ett byte.<\/p>\n<p>F\u00f6rdelarna med sommard\u00e4ck \u00e4r omedelbara: b\u00e4ttre grepp p\u00e5 torr och v\u00e5t asfalt, kortare bromsstr\u00e4ckor, bekv\u00e4mare k\u00f6rning och l\u00e4gre bullerniv\u00e5er. Det \u00e4r ocks\u00e5 betydligt l\u00e4ttare att trampa tack vare det l\u00e4gre rullmotst\u00e5ndet, vilket g\u00f6r cyklingen roligare.<\/p>\n<h2>Hur f\u00f6rvarar man dubbd\u00e4ck p\u00e5 r\u00e4tt s\u00e4tt under sommaren?<\/h2>\n<p>Dubbd\u00e4ck <strong>korrekt f\u00f6rvaring b\u00f6rjar med noggrann reng\u00f6ring<\/strong> f\u00f6re f\u00f6rvaring. Tv\u00e4tta d\u00e4cken med vatten och en mjuk borste f\u00f6r att avl\u00e4gsna smuts, salt och sand som kan skada gummit under f\u00f6rvaringen.<\/p>\n<p>Kontrollera d\u00e4ckens skick innan du st\u00e4ller dem i f\u00f6rvaring. Titta efter sprickor, slitage och se till att det fortfarande finns tillr\u00e4ckligt med dubbar kvar. Notera eventuella defekter s\u00e5 att du kan f\u00e5 dem reparerade f\u00f6re n\u00e4sta vinter. Pumpa in n\u00e5got mindre luft i d\u00e4cken \u00e4n normalt, ca 80% av normalt tryck.<\/p>\n<p>Beh\u00e5ll dubbd\u00e4cken <strong>p\u00e5 en sval, torr och m\u00f6rk plats<\/strong>. Undvik direkt solljus och v\u00e4rmek\u00e4llor som kan g\u00f6ra att gummit blir spr\u00f6tt. H\u00e4ng d\u00e4cken vertikalt eller l\u00e4gg dem plant, men rotera dem med n\u00e5gra m\u00e5naders mellanrum f\u00f6r att undvika j\u00e4mnt slitage. En bra f\u00f6rvaringsplats \u00e4r i en k\u00e4llare, ett f\u00f6rr\u00e5d eller ett garage d\u00e4r temperaturen \u00e4r konstant \u00e5ret runt.<\/p>\n<p>Att anv\u00e4nda dubbd\u00e4ck p\u00e5 sommaren inneb\u00e4r s\u00e4kerhetsrisker och on\u00f6digt slitage p\u00e5 din cykel. Om du byter till sommard\u00e4ck vid r\u00e4tt tidpunkt f\u00f6rb\u00e4ttrar du k\u00f6rkomforten och sparar pengar p\u00e5 l\u00e5ng sikt. En professionell cykelaff\u00e4r kan hj\u00e4lpa dig att byta d\u00e4ck och ge dig r\u00e5d om hur du ska f\u00f6rvara dem s\u00e5 att <a href=\"https:\/\/vmsport.fi\/sv\/avdelning\/dack\/dack-for-utomhusbruk\/dubbdack\/\">dubbd\u00e4ck av h\u00f6g kvalitet p\u00e5 hjulet<\/a> \u00e4r redo att anv\u00e4ndas n\u00e4sta vinter.<\/p>","protected":false},"excerpt":{"rendered":"<p>Nastarenkailla voi ajaa kes\u00e4ll\u00e4, mutta se ei ole turvallista eik\u00e4 suositeltavaa. Kuivalla asfaltilla nastojen pito-ominaisuudet heikkenev\u00e4t merkitt\u00e4v\u00e4sti, jarrutusmatkat pitenev\u00e4t ja kaatumisriski kasvaa. Nastarenkaat kuluttavat my\u00f6s py\u00f6r\u00e4n komponentteja nopeammin kes\u00e4k\u00e4yt\u00f6ss\u00e4. Vaihtaminen kes\u00e4renkaisiin heti plusl\u00e4mp\u00f6tilojen alkaessa parantaa turvallisuutta, ajomukavuutta ja s\u00e4\u00e4st\u00e4\u00e4 rahaa pitk\u00e4ll\u00e4 aikav\u00e4lill\u00e4. [&#8230;]<\/p>\n<p><a class=\"btn btn-secondary understrap-read-more-link\" href=\"https:\/\/vmsport.fi\/sv\/voiko-pyoran-nastarenkailla-ajaa-kesalla\/\">L\u00e4s mer \u2026<span class=\"screen-reader-text\"> from Voiko py\u00f6r\u00e4n nastarenkailla ajaa kes\u00e4ll\u00e4?<\/span><\/a><\/p>\n","protected":false},"author":16,"featured_media":60255,"comment_status":"closed","ping_status":"closed","sticky":false,"template":"","format":"standard","meta":{"_acf_changed":false,"_improvement_type_select":"improve_an_existing","_thumb_yes_seoaic":false,"_frame_yes_seoaic":false,"seoaic_generate_description":"","seoaic_improve_instructions_prompt":"","seoaic_rollback_content_improvement":"","seoaic_idea_thumbnail_generator":"","thumbnail_generated":false,"thumbnail_generate_prompt":"","seoaic_article_description":"","seoaic_article_subtitles":[],"footnotes":""},"categories":[1],"tags":[],"class_list":["post-61402","post","type-post","status-publish","format-standard","has-post-thumbnail","hentry","category-ajankohtaista"],"acf":[],"yoast_head":"<!-- This site is optimized with the Yoast SEO plugin v27.5 - https:\/\/yoast.com\/product\/yoast-seo-wordpress\/ -->\n<title>Voiko py\u00f6r\u00e4n nastarenkailla ajaa kes\u00e4ll\u00e4? - VM Sport<\/title>\n<meta name=\"description\" content=\"Nastarenkailla ajaminen kes\u00e4ll\u00e4 heikent\u00e4\u00e4 turvallisuutta ja kuluttaa py\u00f6r\u00e4\u00e4. Opi miksi kes\u00e4renkaat ovat parempi valinta ja milloin vaihtaa.\" \/>\n<meta name=\"robots\" content=\"index, follow, max-snippet:-1, max-image-preview:large, max-video-preview:-1\" \/>\n<link rel=\"canonical\" href=\"https:\/\/vmsport.fi\/sv\/kan-man-kora-med-pyora-dubbdack-pa-sommaren\/\" \/>\n<meta property=\"og:locale\" content=\"sv_SE\" \/>\n<meta property=\"og:type\" content=\"article\" \/>\n<meta property=\"og:title\" content=\"Voiko py\u00f6r\u00e4n nastarenkailla ajaa kes\u00e4ll\u00e4? - VM Sport\" \/>\n<meta property=\"og:description\" content=\"Nastarenkailla ajaminen kes\u00e4ll\u00e4 heikent\u00e4\u00e4 turvallisuutta ja kuluttaa py\u00f6r\u00e4\u00e4. Opi miksi kes\u00e4renkaat ovat parempi valinta ja milloin vaihtaa.\" \/>\n<meta property=\"og:url\" content=\"https:\/\/vmsport.fi\/sv\/kan-man-kora-med-pyora-dubbdack-pa-sommaren\/\" \/>\n<meta property=\"og:site_name\" content=\"VM Sport\" \/>\n<meta property=\"article:publisher\" content=\"https:\/\/www.facebook.com\/Vmsport.fi\/\" \/>\n<meta property=\"article:published_time\" content=\"2026-01-07T06:00:00+00:00\" \/>\n<meta property=\"og:image\" content=\"https:\/\/vmsport.fi\/wp-content\/uploads\/2025\/08\/OOJxjm8A.jpeg\" \/>\n\t<meta property=\"og:image:width\" content=\"1200\" \/>\n\t<meta property=\"og:image:height\" content=\"607\" \/>\n\t<meta property=\"og:image:type\" content=\"image\/jpeg\" \/>\n<meta name=\"author\" content=\"Vmsport\" \/>\n<meta name=\"twitter:card\" content=\"summary_large_image\" \/>\n<meta name=\"twitter:label1\" content=\"Skriven av\" \/>\n\t<meta name=\"twitter:data1\" content=\"Vmsport\" \/>\n\t<meta name=\"twitter:label2\" content=\"Ber\u00e4knad l\u00e4stid\" \/>\n\t<meta name=\"twitter:data2\" content=\"3 minuter\" \/>\n<script type=\"application\/ld+json\" class=\"yoast-schema-graph\">{\"@context\":\"https:\\\/\\\/schema.org\",\"@graph\":[{\"@type\":\"Article\",\"@id\":\"https:\\\/\\\/vmsport.fi\\\/voiko-pyoran-nastarenkailla-ajaa-kesalla\\\/#article\",\"isPartOf\":{\"@id\":\"https:\\\/\\\/vmsport.fi\\\/voiko-pyoran-nastarenkailla-ajaa-kesalla\\\/\"},\"author\":{\"name\":\"Vmsport\",\"@id\":\"https:\\\/\\\/vmsport.fi\\\/#\\\/schema\\\/person\\\/55b837e7c82743cecf2cefd194057faa\"},\"headline\":\"Voiko py\u00f6r\u00e4n nastarenkailla ajaa kes\u00e4ll\u00e4?\",\"datePublished\":\"2026-01-07T06:00:00+00:00\",\"mainEntityOfPage\":{\"@id\":\"https:\\\/\\\/vmsport.fi\\\/voiko-pyoran-nastarenkailla-ajaa-kesalla\\\/\"},\"wordCount\":630,\"publisher\":{\"@id\":\"https:\\\/\\\/vmsport.fi\\\/#organization\"},\"image\":{\"@id\":\"https:\\\/\\\/vmsport.fi\\\/voiko-pyoran-nastarenkailla-ajaa-kesalla\\\/#primaryimage\"},\"thumbnailUrl\":\"https:\\\/\\\/vmsport.fi\\\/wp-content\\\/uploads\\\/2025\\\/08\\\/OOJxjm8A.jpeg\",\"articleSection\":[\"Ajankohtaista\"],\"inLanguage\":\"sv-SE\"},{\"@type\":\"WebPage\",\"@id\":\"https:\\\/\\\/vmsport.fi\\\/voiko-pyoran-nastarenkailla-ajaa-kesalla\\\/\",\"url\":\"https:\\\/\\\/vmsport.fi\\\/voiko-pyoran-nastarenkailla-ajaa-kesalla\\\/\",\"name\":\"Voiko py\u00f6r\u00e4n nastarenkailla ajaa kes\u00e4ll\u00e4? - VM Sport\",\"isPartOf\":{\"@id\":\"https:\\\/\\\/vmsport.fi\\\/#website\"},\"primaryImageOfPage\":{\"@id\":\"https:\\\/\\\/vmsport.fi\\\/voiko-pyoran-nastarenkailla-ajaa-kesalla\\\/#primaryimage\"},\"image\":{\"@id\":\"https:\\\/\\\/vmsport.fi\\\/voiko-pyoran-nastarenkailla-ajaa-kesalla\\\/#primaryimage\"},\"thumbnailUrl\":\"https:\\\/\\\/vmsport.fi\\\/wp-content\\\/uploads\\\/2025\\\/08\\\/OOJxjm8A.jpeg\",\"datePublished\":\"2026-01-07T06:00:00+00:00\",\"description\":\"Nastarenkailla ajaminen kes\u00e4ll\u00e4 heikent\u00e4\u00e4 turvallisuutta ja kuluttaa py\u00f6r\u00e4\u00e4. Opi miksi kes\u00e4renkaat ovat parempi valinta ja milloin vaihtaa.\",\"breadcrumb\":{\"@id\":\"https:\\\/\\\/vmsport.fi\\\/voiko-pyoran-nastarenkailla-ajaa-kesalla\\\/#breadcrumb\"},\"inLanguage\":\"sv-SE\",\"potentialAction\":[{\"@type\":\"ReadAction\",\"target\":[\"https:\\\/\\\/vmsport.fi\\\/voiko-pyoran-nastarenkailla-ajaa-kesalla\\\/\"]}]},{\"@type\":\"ImageObject\",\"inLanguage\":\"sv-SE\",\"@id\":\"https:\\\/\\\/vmsport.fi\\\/voiko-pyoran-nastarenkailla-ajaa-kesalla\\\/#primaryimage\",\"url\":\"https:\\\/\\\/vmsport.fi\\\/wp-content\\\/uploads\\\/2025\\\/08\\\/OOJxjm8A.jpeg\",\"contentUrl\":\"https:\\\/\\\/vmsport.fi\\\/wp-content\\\/uploads\\\/2025\\\/08\\\/OOJxjm8A.jpeg\",\"width\":1200,\"height\":607},{\"@type\":\"BreadcrumbList\",\"@id\":\"https:\\\/\\\/vmsport.fi\\\/voiko-pyoran-nastarenkailla-ajaa-kesalla\\\/#breadcrumb\",\"itemListElement\":[{\"@type\":\"ListItem\",\"position\":1,\"name\":\"Etusivu\",\"item\":\"https:\\\/\\\/vmsport.fi\\\/\"},{\"@type\":\"ListItem\",\"position\":2,\"name\":\"Ajankohtaista\",\"item\":\"https:\\\/\\\/vmsport.fi\\\/category\\\/ajankohtaista\\\/\"},{\"@type\":\"ListItem\",\"position\":3,\"name\":\"Voiko py\u00f6r\u00e4n nastarenkailla ajaa kes\u00e4ll\u00e4?\"}]},{\"@type\":\"WebSite\",\"@id\":\"https:\\\/\\\/vmsport.fi\\\/#website\",\"url\":\"https:\\\/\\\/vmsport.fi\\\/\",\"name\":\"Vmsport\",\"description\":\"Kaikki py\u00f6r\u00e4ilyyn yhdest\u00e4 paikasta\",\"publisher\":{\"@id\":\"https:\\\/\\\/vmsport.fi\\\/#organization\"},\"potentialAction\":[{\"@type\":\"SearchAction\",\"target\":{\"@type\":\"EntryPoint\",\"urlTemplate\":\"https:\\\/\\\/vmsport.fi\\\/?s={search_term_string}\"},\"query-input\":{\"@type\":\"PropertyValueSpecification\",\"valueRequired\":true,\"valueName\":\"search_term_string\"}}],\"inLanguage\":\"sv-SE\"},{\"@type\":\"Organization\",\"@id\":\"https:\\\/\\\/vmsport.fi\\\/#organization\",\"name\":\"Vmsport\",\"url\":\"https:\\\/\\\/vmsport.fi\\\/\",\"logo\":{\"@type\":\"ImageObject\",\"inLanguage\":\"sv-SE\",\"@id\":\"https:\\\/\\\/vmsport.fi\\\/#\\\/schema\\\/logo\\\/image\\\/\",\"url\":\"https:\\\/\\\/vmsport.fi\\\/wp-content\\\/uploads\\\/2024\\\/12\\\/vm_sport_RGB_horisontal-e1734526017575.png\",\"contentUrl\":\"https:\\\/\\\/vmsport.fi\\\/wp-content\\\/uploads\\\/2024\\\/12\\\/vm_sport_RGB_horisontal-e1734526017575.png\",\"width\":668,\"height\":85,\"caption\":\"Vmsport\"},\"image\":{\"@id\":\"https:\\\/\\\/vmsport.fi\\\/#\\\/schema\\\/logo\\\/image\\\/\"},\"sameAs\":[\"https:\\\/\\\/www.facebook.com\\\/Vmsport.fi\\\/\",\"https:\\\/\\\/www.instagram.com\\\/vmsport\\\/\"]},{\"@type\":\"Person\",\"@id\":\"https:\\\/\\\/vmsport.fi\\\/#\\\/schema\\\/person\\\/55b837e7c82743cecf2cefd194057faa\",\"name\":\"Vmsport\"}]}<\/script>\n<!-- \/ Yoast SEO plugin. -->","yoast_head_json":{"title":"Kan du cykla med dubbd\u00e4ck p\u00e5 sommaren? - VM Sport","description":"Att k\u00f6ra med dubbd\u00e4ck p\u00e5 sommaren minskar s\u00e4kerheten och sliter p\u00e5 cykeln. L\u00e4r dig varf\u00f6r sommard\u00e4ck \u00e4r ett b\u00e4ttre val och n\u00e4r du ska byta.","robots":{"index":"index","follow":"follow","max-snippet":"max-snippet:-1","max-image-preview":"max-image-preview:large","max-video-preview":"max-video-preview:-1"},"canonical":"https:\/\/vmsport.fi\/sv\/kan-man-kora-med-pyora-dubbdack-pa-sommaren\/","og_locale":"sv_SE","og_type":"article","og_title":"Voiko py\u00f6r\u00e4n nastarenkailla ajaa kes\u00e4ll\u00e4? - VM Sport","og_description":"Nastarenkailla ajaminen kes\u00e4ll\u00e4 heikent\u00e4\u00e4 turvallisuutta ja kuluttaa py\u00f6r\u00e4\u00e4. Opi miksi kes\u00e4renkaat ovat parempi valinta ja milloin vaihtaa.","og_url":"https:\/\/vmsport.fi\/sv\/kan-man-kora-med-pyora-dubbdack-pa-sommaren\/","og_site_name":"VM Sport","article_publisher":"https:\/\/www.facebook.com\/Vmsport.fi\/","article_published_time":"2026-01-07T06:00:00+00:00","og_image":[{"width":1200,"height":607,"url":"https:\/\/vmsport.fi\/wp-content\/uploads\/2025\/08\/OOJxjm8A.jpeg","type":"image\/jpeg"}],"author":"Vmsport","twitter_card":"summary_large_image","twitter_misc":{"Skriven av":"Vmsport","Ber\u00e4knad l\u00e4stid":"3 minuter"},"schema":{"@context":"https:\/\/schema.org","@graph":[{"@type":"Article","@id":"https:\/\/vmsport.fi\/voiko-pyoran-nastarenkailla-ajaa-kesalla\/#article","isPartOf":{"@id":"https:\/\/vmsport.fi\/voiko-pyoran-nastarenkailla-ajaa-kesalla\/"},"author":{"name":"Vmsport","@id":"https:\/\/vmsport.fi\/#\/schema\/person\/55b837e7c82743cecf2cefd194057faa"},"headline":"Voiko py\u00f6r\u00e4n nastarenkailla ajaa kes\u00e4ll\u00e4?","datePublished":"2026-01-07T06:00:00+00:00","mainEntityOfPage":{"@id":"https:\/\/vmsport.fi\/voiko-pyoran-nastarenkailla-ajaa-kesalla\/"},"wordCount":630,"publisher":{"@id":"https:\/\/vmsport.fi\/#organization"},"image":{"@id":"https:\/\/vmsport.fi\/voiko-pyoran-nastarenkailla-ajaa-kesalla\/#primaryimage"},"thumbnailUrl":"https:\/\/vmsport.fi\/wp-content\/uploads\/2025\/08\/OOJxjm8A.jpeg","articleSection":["Ajankohtaista"],"inLanguage":"sv-SE"},{"@type":"WebPage","@id":"https:\/\/vmsport.fi\/voiko-pyoran-nastarenkailla-ajaa-kesalla\/","url":"https:\/\/vmsport.fi\/voiko-pyoran-nastarenkailla-ajaa-kesalla\/","name":"Kan du cykla med dubbd\u00e4ck p\u00e5 sommaren? - VM Sport","isPartOf":{"@id":"https:\/\/vmsport.fi\/#website"},"primaryImageOfPage":{"@id":"https:\/\/vmsport.fi\/voiko-pyoran-nastarenkailla-ajaa-kesalla\/#primaryimage"},"image":{"@id":"https:\/\/vmsport.fi\/voiko-pyoran-nastarenkailla-ajaa-kesalla\/#primaryimage"},"thumbnailUrl":"https:\/\/vmsport.fi\/wp-content\/uploads\/2025\/08\/OOJxjm8A.jpeg","datePublished":"2026-01-07T06:00:00+00:00","description":"Att k\u00f6ra med dubbd\u00e4ck p\u00e5 sommaren minskar s\u00e4kerheten och sliter p\u00e5 cykeln. L\u00e4r dig varf\u00f6r sommard\u00e4ck \u00e4r ett b\u00e4ttre val och n\u00e4r du ska byta.","breadcrumb":{"@id":"https:\/\/vmsport.fi\/voiko-pyoran-nastarenkailla-ajaa-kesalla\/#breadcrumb"},"inLanguage":"sv-SE","potentialAction":[{"@type":"ReadAction","target":["https:\/\/vmsport.fi\/voiko-pyoran-nastarenkailla-ajaa-kesalla\/"]}]},{"@type":"ImageObject","inLanguage":"sv-SE","@id":"https:\/\/vmsport.fi\/voiko-pyoran-nastarenkailla-ajaa-kesalla\/#primaryimage","url":"https:\/\/vmsport.fi\/wp-content\/uploads\/2025\/08\/OOJxjm8A.jpeg","contentUrl":"https:\/\/vmsport.fi\/wp-content\/uploads\/2025\/08\/OOJxjm8A.jpeg","width":1200,"height":607},{"@type":"BreadcrumbList","@id":"https:\/\/vmsport.fi\/voiko-pyoran-nastarenkailla-ajaa-kesalla\/#breadcrumb","itemListElement":[{"@type":"ListItem","position":1,"name":"Etusivu","item":"https:\/\/vmsport.fi\/"},{"@type":"ListItem","position":2,"name":"Ajankohtaista","item":"https:\/\/vmsport.fi\/category\/ajankohtaista\/"},{"@type":"ListItem","position":3,"name":"Voiko py\u00f6r\u00e4n nastarenkailla ajaa kes\u00e4ll\u00e4?"}]},{"@type":"WebSite","@id":"https:\/\/vmsport.fi\/#website","url":"https:\/\/vmsport.fi\/","name":"Vmsport","description":"Allt p\u00e5 ett st\u00e4lle f\u00f6r cykling","publisher":{"@id":"https:\/\/vmsport.fi\/#organization"},"potentialAction":[{"@type":"SearchAction","target":{"@type":"EntryPoint","urlTemplate":"https:\/\/vmsport.fi\/?s={search_term_string}"},"query-input":{"@type":"PropertyValueSpecification","valueRequired":true,"valueName":"search_term_string"}}],"inLanguage":"sv-SE"},{"@type":"Organization","@id":"https:\/\/vmsport.fi\/#organization","name":"Vmsport","url":"https:\/\/vmsport.fi\/","logo":{"@type":"ImageObject","inLanguage":"sv-SE","@id":"https:\/\/vmsport.fi\/#\/schema\/logo\/image\/","url":"https:\/\/vmsport.fi\/wp-content\/uploads\/2024\/12\/vm_sport_RGB_horisontal-e1734526017575.png","contentUrl":"https:\/\/vmsport.fi\/wp-content\/uploads\/2024\/12\/vm_sport_RGB_horisontal-e1734526017575.png","width":668,"height":85,"caption":"Vmsport"},"image":{"@id":"https:\/\/vmsport.fi\/#\/schema\/logo\/image\/"},"sameAs":["https:\/\/www.facebook.com\/Vmsport.fi\/","https:\/\/www.instagram.com\/vmsport\/"]},{"@type":"Person","@id":"https:\/\/vmsport.fi\/#\/schema\/person\/55b837e7c82743cecf2cefd194057faa","name":"Vmsport"}]}},"_links":{"self":[{"href":"https:\/\/vmsport.fi\/sv\/wp-json\/wp\/v2\/posts\/61402","targetHints":{"allow":["GET"]}}],"collection":[{"href":"https:\/\/vmsport.fi\/sv\/wp-json\/wp\/v2\/posts"}],"about":[{"href":"https:\/\/vmsport.fi\/sv\/wp-json\/wp\/v2\/types\/post"}],"author":[{"embeddable":true,"href":"https:\/\/vmsport.fi\/sv\/wp-json\/wp\/v2\/users\/16"}],"replies":[{"embeddable":true,"href":"https:\/\/vmsport.fi\/sv\/wp-json\/wp\/v2\/comments?post=61402"}],"version-history":[{"count":1,"href":"https:\/\/vmsport.fi\/sv\/wp-json\/wp\/v2\/posts\/61402\/revisions"}],"predecessor-version":[{"id":62540,"href":"https:\/\/vmsport.fi\/sv\/wp-json\/wp\/v2\/posts\/61402\/revisions\/62540"}],"wp:featuredmedia":[{"embeddable":true,"href":"https:\/\/vmsport.fi\/sv\/wp-json\/wp\/v2\/media\/60255"}],"wp:attachment":[{"href":"https:\/\/vmsport.fi\/sv\/wp-json\/wp\/v2\/media?parent=61402"}],"wp:term":[{"taxonomy":"category","embeddable":true,"href":"https:\/\/vmsport.fi\/sv\/wp-json\/wp\/v2\/categories?post=61402"},{"taxonomy":"post_tag","embeddable":true,"href":"https:\/\/vmsport.fi\/sv\/wp-json\/wp\/v2\/tags?post=61402"}],"curies":[{"name":"wp","href":"https:\/\/api.w.org\/{rel}","templated":true}]}}